{"id":18793,"date":"2025-02-17T20:24:06","date_gmt":"2025-02-17T19:24:06","guid":{"rendered":"https:\/\/heimatverein-darme.de\/?p=18793"},"modified":"2025-02-17T20:24:07","modified_gmt":"2025-02-17T19:24:07","slug":"winterwanderung-2025","status":"publish","type":"post","link":"https:\/\/heimatverein-darme.de\/?p=18793","title":{"rendered":"Winterwanderung 2025"},"content":{"rendered":"\n<p>Bei der diesj\u00e4hrigen Winterwanderung rund um Darme durften die beiden Wanderf\u00fchrer Alfred van D\u00fclmen und Patrick Meyer, bei bestem Wetter, mehr ca. 40 Teilnehmer begr\u00fc\u00dfen. Einige Impressionen dieser tollen Veranstaltung anbei. <\/p>\n\n\n\nngg_shortcode_0_placeholder\n","protected":false},"excerpt":{"rendered":"<p>Bei der diesj\u00e4hrigen Winterwanderung rund um Darme durften die beiden Wanderf\u00fchrer Alfred van D\u00fclmen und Patrick Meyer, bei bestem Wetter, mehr ca. 40 Teilnehmer begr\u00fc\u00dfen. Einige Impressionen dieser tollen Veranstaltung anbei.<\/p>\n","protected":false},"author":5,"featured_media":0,"comment_status":"closed","ping_status":"closed","sticky":false,"template":"","format":"standard","meta":{"ngg_post_thumbnail":0,"footnotes":""},"categories":[1],"tags":[],"class_list":["post-18793","post","type-post","status-publish","format-standard","hentry","category-allgemeines"],"aioseo_notices":[],"_links":{"self":[{"href":"https:\/\/heimatverein-darme.de\/index.php?rest_route=\/wp\/v2\/posts\/18793","targetHints":{"allow":["GET"]}}],"collection":[{"href":"https:\/\/heimatverein-darme.de\/index.php?rest_route=\/wp\/v2\/posts"}],"about":[{"href":"https:\/\/heimatverein-darme.de\/index.php?rest_route=\/wp\/v2\/types\/post"}],"author":[{"embeddable":true,"href":"https:\/\/heimatverein-darme.de\/index.php?rest_route=\/wp\/v2\/users\/5"}],"replies":[{"embeddable":true,"href":"https:\/\/heimatverein-darme.de\/index.php?rest_route=%2Fwp%2Fv2%2Fcomments&post=18793"}],"version-history":[{"count":2,"href":"https:\/\/heimatverein-darme.de\/index.php?rest_route=\/wp\/v2\/posts\/18793\/revisions"}],"predecessor-version":[{"id":18820,"href":"https:\/\/heimatverein-darme.de\/index.php?rest_route=\/wp\/v2\/posts\/18793\/revisions\/18820"}],"wp:attachment":[{"href":"https:\/\/heimatverein-darme.de\/index.php?rest_route=%2Fwp%2Fv2%2Fmedia&parent=18793"}],"wp:term":[{"taxonomy":"category","embeddable":true,"href":"https:\/\/heimatverein-darme.de\/index.php?rest_route=%2Fwp%2Fv2%2Fcategories&post=18793"},{"taxonomy":"post_tag","embeddable":true,"href":"https:\/\/heimatverein-darme.de\/index.php?rest_route=%2Fwp%2Fv2%2Ftags&post=18793"}],"curies":[{"name":"wp","href":"https:\/\/api.w.org\/{rel}","templated":true}]}}